{"id":8618,"date":"2023-07-10T10:26:39","date_gmt":"2023-07-10T09:26:39","guid":{"rendered":"https:\/\/clustersaude.com\/o-cluster-de-saude-de-galicia-csg-e-a-camara-de-comercio-da-coruna-organizan-mana-un-evento-para-promover-a-internacionalizacion-as-empresas-galegas\/"},"modified":"2023-07-26T07:43:12","modified_gmt":"2023-07-26T06:43:12","slug":"o-cluster-de-saude-de-galicia-csg-e-a-camara-de-comercio-da-coruna-organizan-mana-un-evento-para-promover-a-internacionalizacion-as-empresas-galegas","status":"publish","type":"post","link":"https:\/\/clustersaude.com\/gl\/o-cluster-de-saude-de-galicia-csg-e-a-camara-de-comercio-da-coruna-organizan-mana-un-evento-para-promover-a-internacionalizacion-as-empresas-galegas\/","title":{"rendered":"O Cl\u00faster Sa\u00fade de Galicia, CSG, e a C\u00e1mara de Comercio de A Coru\u00f1a organizan ma\u00f1\u00e1 un evento para promover a internacionalizaci\u00f3n das empresas galegas"},"content":{"rendered":"\n<ul class=\"wp-block-list\">\n<li><strong><em>Baixo o nome de \u201cEXPORPYMES\u201d, a iniciativa busca impulsar o contacto entre pemes internacionais e galegas de sectores representativos da actividade econ\u00f3mica de Galicia.<\/em><\/strong><\/li>\n\n\n\n<li><strong><em>Por segundo ano consecutivo, o evento contar\u00e1 cunha importante presenza do sector da sa\u00fade a trav\u00e9s do Cluster Sa\u00fade de Galicia, CSG, visibilizando o traballo que se realizu hos \u00faltimos anos.<\/em><\/strong><\/li>\n<\/ul>\n\n<p><\/p>\n\n<p><strong>A CORU\u00d1A, 10 DE XULLO DE 2023.<\/strong> Grazas \u00e1 colaboraci\u00f3n da<a data-type=\"URL\" data-id=\"https:\/\/www.camaracoruna.com\/\" href=\"https:\/\/www.camaracoruna.com\/\" target=\"_blank\" rel=\"noreferrer noopener\"> C\u00e1mara de Comercio da Coru\u00f1a<\/a> e o Cluster Sa\u00fade de Galicia, CSG, A Coru\u00f1a acoller\u00e1 <strong>ma\u00f1\u00e1, 11 de xullo, <\/strong>a <strong>X edici\u00f3n de EXPORPYMES,<\/strong> un evento que atraer\u00e1 a m\u00e1is de vinte empresas tanto de Galicia como de outros pa\u00edses para crear sinerxias, estreitar lazos e promover una maior internacionalizaci\u00f3n do tecido empresarial galego.<\/p>\n\n<p>As\u00ed, dende as 9:30 ata as14:00 horas, o <strong>entorno de PALEXCO<\/strong>convertir\u00e1se nunha \u00e1gora de debate, intercambio de co\u00f1ecemento e promoci\u00f3n de produtos galegos, co obxectivo de fortalecer as relaci\u00f3ns entre todos os participantes. Adem\u00e1is, o Cluster Sa\u00fade de Galicia, CSG, interven por segunda edici\u00f3n consecutiva para presentar o valor da industria da sa\u00fade galega, pero tam\u00e9n contextualizar os avances de innovaci\u00f3n tecnol\u00f3xica que logrou nos \u00faltimos anos. <\/p>\n\n<p>Despois da inauguraci\u00f3n oficial por parte das autoridades, que ser\u00e1 \u00e1s 9:30 horas, EXPORPYMES 2023 dar\u00e1 o seu pistoletazo de sa\u00edda con sesi\u00f3ns de networking conxuntas (10:00 horas), aplicando a metodolox\u00eda <strong>CSG Connect <\/strong>onde as empresas se deber\u00e1n presentar a trav\u00e9s de tres cuesti\u00f3ns chave: entidade a que representan, valor diferenciador da entidade e explicar qu\u00e9 buscan do ecosistema da sa\u00fade galega ou internacional de EXPORPYMES 2023.<\/p>\n\n<p>Posteriormente, organizar\u00e1nse diferentes reuni\u00f3ns 1:1 (12:30 h.) para que as empresas participantes poidan explicar qu\u00e9 buscan dp ecosistema da sa\u00fade galega, recopilando as s\u00faas necesidades e as potencialidades de actividade do tecido empresarial de Galicia no seu territorio. O cerre dla xornada ser\u00e1 xa cerca das 14:00, cunha segunda ronda de contactos informais no caf\u00e9 para networking. <\/p>\n\n<h2 class=\"wp-block-heading\">EN RELACI\u00d3N CON #RIES <\/h2>\n\n<p><strong><a href=\"https:\/\/forumries.com\/\" data-type=\"URL\" data-id=\"https:\/\/forumries.com\/\" target=\"_blank\" rel=\"noreferrer noopener\">#RIES<\/a><\/strong> \u00e9 o f\u00f3rum de referencia a nivel nacional e internacional para abordar os retos e oportunidades do ecosistema da sa\u00fade. Liderado polo Cluster Sa\u00fade de Galicia, CSG, xestouse como foro de encontro entre os principais axentes dos sectores sanitario e sociosanitario do \u00e1mbito p\u00fablico e privado a nivel nacional e internacional, en colaboraci\u00f3n cos nosos partners estrat\u00e9xicos da #ComunidadeCSG <\/p>\n\n<p>Por segundo ano consecutivo, e co fin de potenciar a proxecci\u00f3n internacional dos proxectos xestados no noso ecosistema e a colaboraci\u00f3n das PEMEs a nivel nacional e internacional, o CSG colabora ca C\u00e1mara de Comercio da Coru\u00f1a nesta acci\u00f3n de internacionalizaci\u00f3n EXPORPYMES (11\/07 \u2013 A Coru\u00f1a). Esto convirte a Galicia no epicentro dos proxectos innovadores da industria da sa\u00fade a nivel global.<\/p>\n\n<p>EXPORPYMES enmarcase no Programa Internacional de Promoci\u00f3n cofinanciado polo FEDER, o Concello da Coru\u00f1a, a Diputaci\u00f3n da Coru\u00f1a e a Xunta de Galicia a trav\u00e9s da Conseller\u00eda do Mar e o IGAPE.<\/p>\n","protected":false},"excerpt":{"rendered":"<p>Gracias a colaboraci\u00f3n da C\u00e1mara de Comercio da Coru\u00f1a e o Cluster Sa\u00fade de Galicia, CSG, A Coru\u00f1a acoller\u00e1 ma\u00f1\u00e1, 11 de xullo, la X edici\u00f3n de EXPORPYMES, un evento que atraer\u00e1 a m\u00e1is de vinte empresas tanto de Galicia como de outros pa\u00edses para crear sinerxias, estreitar lazos e promover unha maior internacionalizaci\u00f3n do tecido empresarial galego.<\/p>\n","protected":false},"author":1,"featured_media":8768,"comment_status":"open","ping_status":"open","sticky":false,"template":"","format":"standard","meta":{"_acf_changed":false,"site-sidebar-layout":"default","site-content-layout":"","ast-site-content-layout":"default","site-content-style":"default","site-sidebar-style":"default","ast-global-header-display":"","ast-banner-title-visibility":"","ast-main-header-display":"","ast-hfb-above-header-display":"","ast-hfb-below-header-display":"","ast-hfb-mobile-header-display":"","site-post-title":"","ast-breadcrumbs-content":"","ast-featured-img":"","footer-sml-layout":"","ast-disable-related-posts":"","theme-transparent-header-meta":"","adv-header-id-meta":"","stick-header-meta":"","header-above-stick-meta":"","header-main-stick-meta":"","header-below-stick-meta":"","astra-migrate-meta-layouts":"default","ast-page-background-enabled":"default","ast-page-background-meta":{"desktop":{"background-color":"var(--ast-global-color-4)","background-image":"","background-repeat":"repeat","background-position":"center center","background-size":"auto","background-attachment":"scroll","background-type":"","background-media":"","overlay-type":"","overlay-color":"","overlay-opacity":"","overlay-gradient":""},"tablet":{"background-color":"","background-image":"","background-repeat":"repeat","background-position":"center center","background-size":"auto","background-attachment":"scroll","background-type":"","background-media":"","overlay-type":"","overlay-color":"","overlay-opacity":"","overlay-gradient":""},"mobile":{"background-color":"","background-image":"","background-repeat":"repeat","background-position":"center center","background-size":"auto","background-attachment":"scroll","background-type":"","background-media":"","overlay-type":"","overlay-color":"","overlay-opacity":"","overlay-gradient":""}},"ast-content-background-meta":{"desktop":{"background-color":"var(--ast-global-color-5)","background-image":"","background-repeat":"repeat","background-position":"center center","background-size":"auto","background-attachment":"scroll","background-type":"","background-media":"","overlay-type":"","overlay-color":"","overlay-opacity":"","overlay-gradient":""},"tablet":{"background-color":"var(--ast-global-color-5)","background-image":"","background-repeat":"repeat","background-position":"center center","background-size":"auto","background-attachment":"scroll","background-type":"","background-media":"","overlay-type":"","overlay-color":"","overlay-opacity":"","overlay-gradient":""},"mobile":{"background-color":"var(--ast-global-color-5)","background-image":"","background-repeat":"repeat","background-position":"center center","background-size":"auto","background-attachment":"scroll","background-type":"","background-media":"","overlay-type":"","overlay-color":"","overlay-opacity":"","overlay-gradient":""}},"footnotes":""},"categories":[380,382,432,1,390,422],"tags":[],"class_list":["post-8618","post","type-post","status-publish","format-standard","has-post-thumbnail","hentry","category-comunidade-csg","category-colaboracions","category-internacionalizacion-gl","category-noticias-gl","category-rexionais","category-servizos"],"acf":[],"yoast_head":"<!-- This site is optimized with the Yoast SEO plugin v27.4 - https:\/\/yoast.com\/product\/yoast-seo-wordpress\/ -->\n<title>O Cl\u00faster Sa\u00fade de Galicia, CSG, e a C\u00e1mara de Comercio de A Coru\u00f1a organizan ma\u00f1\u00e1 un evento para promover a internacionalizaci\u00f3n das empresas galegas - Cluster Sa\u00fade de Galicia, CSG<\/title>\n<meta name=\"robots\" content=\"index, follow, max-snippet:-1, max-image-preview:large, max-video-preview:-1\" \/>\n<link rel=\"canonical\" href=\"https:\/\/clustersaude.com\/gl\/o-cluster-de-saude-de-galicia-csg-e-a-camara-de-comercio-da-coruna-organizan-mana-un-evento-para-promover-a-internacionalizacion-as-empresas-galegas\/\" \/>\n<meta property=\"og:locale\" content=\"gl_ES\" \/>\n<meta property=\"og:type\" content=\"article\" \/>\n<meta property=\"og:title\" content=\"O Cl\u00faster Sa\u00fade de Galicia, CSG, e a C\u00e1mara de Comercio de A Coru\u00f1a organizan ma\u00f1\u00e1 un evento para promover a internacionalizaci\u00f3n das empresas galegas - Cluster Sa\u00fade de Galicia, CSG\" \/>\n<meta property=\"og:description\" content=\"Gracias a colaboraci\u00f3n da C\u00e1mara de Comercio da Coru\u00f1a e o Cluster Sa\u00fade de Galicia, CSG, A Coru\u00f1a acoller\u00e1 ma\u00f1\u00e1, 11 de xullo, la X edici\u00f3n de EXPORPYMES, un evento que atraer\u00e1 a m\u00e1is de vinte empresas tanto de Galicia como de outros pa\u00edses para crear sinerxias, estreitar lazos e promover unha maior internacionalizaci\u00f3n do tecido empresarial galego.\" \/>\n<meta property=\"og:url\" content=\"https:\/\/clustersaude.com\/gl\/o-cluster-de-saude-de-galicia-csg-e-a-camara-de-comercio-da-coruna-organizan-mana-un-evento-para-promover-a-internacionalizacion-as-empresas-galegas\/\" \/>\n<meta property=\"og:site_name\" content=\"Cluster Sa\u00fade de Galicia, CSG\" \/>\n<meta property=\"article:publisher\" content=\"https:\/\/twitter.com\/clustersaude\" \/>\n<meta property=\"article:published_time\" content=\"2023-07-10T09:26:39+00:00\" \/>\n<meta property=\"article:modified_time\" content=\"2023-07-26T06:43:12+00:00\" \/>\n<meta property=\"og:image\" content=\"https:\/\/clustersaude.com\/wp-content\/uploads\/2023\/07\/exporpymes-23.png\" \/>\n\t<meta property=\"og:image:width\" content=\"2002\" \/>\n\t<meta property=\"og:image:height\" content=\"1133\" \/>\n\t<meta property=\"og:image:type\" content=\"image\/png\" \/>\n<meta name=\"author\" content=\"saude\" \/>\n<meta name=\"twitter:card\" content=\"summary_large_image\" \/>\n<meta name=\"twitter:creator\" content=\"@clustersaude\" \/>\n<meta name=\"twitter:site\" content=\"@clustersaude\" \/>\n<meta name=\"twitter:label1\" content=\"Escrito por\" \/>\n\t<meta name=\"twitter:data1\" content=\"saude\" \/>\n\t<meta name=\"twitter:label2\" content=\"Tempo de lectura\" \/>\n\t<meta name=\"twitter:data2\" content=\"3 minutos\" \/>\n<script type=\"application\/ld+json\" class=\"yoast-schema-graph\">{\"@context\":\"https:\\\/\\\/schema.org\",\"@graph\":[{\"@type\":\"Article\",\"@id\":\"https:\\\/\\\/clustersaude.com\\\/gl\\\/o-cluster-de-saude-de-galicia-csg-e-a-camara-de-comercio-da-coruna-organizan-mana-un-evento-para-promover-a-internacionalizacion-as-empresas-galegas\\\/#article\",\"isPartOf\":{\"@id\":\"https:\\\/\\\/clustersaude.com\\\/gl\\\/o-cluster-de-saude-de-galicia-csg-e-a-camara-de-comercio-da-coruna-organizan-mana-un-evento-para-promover-a-internacionalizacion-as-empresas-galegas\\\/\"},\"author\":{\"name\":\"saude\",\"@id\":\"https:\\\/\\\/clustersaude.com\\\/#\\\/schema\\\/person\\\/b8127dec44ffd48dc746eeada517ca12\"},\"headline\":\"O Cl\u00faster Sa\u00fade de Galicia, CSG, e a C\u00e1mara de Comercio de A Coru\u00f1a organizan ma\u00f1\u00e1 un evento para promover a internacionalizaci\u00f3n das empresas galegas\",\"datePublished\":\"2023-07-10T09:26:39+00:00\",\"dateModified\":\"2023-07-26T06:43:12+00:00\",\"mainEntityOfPage\":{\"@id\":\"https:\\\/\\\/clustersaude.com\\\/gl\\\/o-cluster-de-saude-de-galicia-csg-e-a-camara-de-comercio-da-coruna-organizan-mana-un-evento-para-promover-a-internacionalizacion-as-empresas-galegas\\\/\"},\"wordCount\":542,\"commentCount\":0,\"publisher\":{\"@id\":\"https:\\\/\\\/clustersaude.com\\\/#organization\"},\"image\":{\"@id\":\"https:\\\/\\\/clustersaude.com\\\/gl\\\/o-cluster-de-saude-de-galicia-csg-e-a-camara-de-comercio-da-coruna-organizan-mana-un-evento-para-promover-a-internacionalizacion-as-empresas-galegas\\\/#primaryimage\"},\"thumbnailUrl\":\"https:\\\/\\\/clustersaude.com\\\/wp-content\\\/uploads\\\/2023\\\/07\\\/exporpymes-23.png\",\"articleSection\":[\"#ComunidadeCSG\",\"Colaboraci\u00f3ns\",\"Internacionalizaci\u00f3n\",\"Noticias\",\"Rexionais\",\"Servizos\"],\"inLanguage\":\"gl-ES\",\"potentialAction\":[{\"@type\":\"CommentAction\",\"name\":\"Comment\",\"target\":[\"https:\\\/\\\/clustersaude.com\\\/gl\\\/o-cluster-de-saude-de-galicia-csg-e-a-camara-de-comercio-da-coruna-organizan-mana-un-evento-para-promover-a-internacionalizacion-as-empresas-galegas\\\/#respond\"]}]},{\"@type\":\"WebPage\",\"@id\":\"https:\\\/\\\/clustersaude.com\\\/gl\\\/o-cluster-de-saude-de-galicia-csg-e-a-camara-de-comercio-da-coruna-organizan-mana-un-evento-para-promover-a-internacionalizacion-as-empresas-galegas\\\/\",\"url\":\"https:\\\/\\\/clustersaude.com\\\/gl\\\/o-cluster-de-saude-de-galicia-csg-e-a-camara-de-comercio-da-coruna-organizan-mana-un-evento-para-promover-a-internacionalizacion-as-empresas-galegas\\\/\",\"name\":\"O Cl\u00faster Sa\u00fade de Galicia, CSG, e a C\u00e1mara de Comercio de A Coru\u00f1a organizan ma\u00f1\u00e1 un evento para promover a internacionalizaci\u00f3n das empresas galegas - Cluster Sa\u00fade de Galicia, CSG\",\"isPartOf\":{\"@id\":\"https:\\\/\\\/clustersaude.com\\\/#website\"},\"primaryImageOfPage\":{\"@id\":\"https:\\\/\\\/clustersaude.com\\\/gl\\\/o-cluster-de-saude-de-galicia-csg-e-a-camara-de-comercio-da-coruna-organizan-mana-un-evento-para-promover-a-internacionalizacion-as-empresas-galegas\\\/#primaryimage\"},\"image\":{\"@id\":\"https:\\\/\\\/clustersaude.com\\\/gl\\\/o-cluster-de-saude-de-galicia-csg-e-a-camara-de-comercio-da-coruna-organizan-mana-un-evento-para-promover-a-internacionalizacion-as-empresas-galegas\\\/#primaryimage\"},\"thumbnailUrl\":\"https:\\\/\\\/clustersaude.com\\\/wp-content\\\/uploads\\\/2023\\\/07\\\/exporpymes-23.png\",\"datePublished\":\"2023-07-10T09:26:39+00:00\",\"dateModified\":\"2023-07-26T06:43:12+00:00\",\"breadcrumb\":{\"@id\":\"https:\\\/\\\/clustersaude.com\\\/gl\\\/o-cluster-de-saude-de-galicia-csg-e-a-camara-de-comercio-da-coruna-organizan-mana-un-evento-para-promover-a-internacionalizacion-as-empresas-galegas\\\/#breadcrumb\"},\"inLanguage\":\"gl-ES\",\"potentialAction\":[{\"@type\":\"ReadAction\",\"target\":[\"https:\\\/\\\/clustersaude.com\\\/gl\\\/o-cluster-de-saude-de-galicia-csg-e-a-camara-de-comercio-da-coruna-organizan-mana-un-evento-para-promover-a-internacionalizacion-as-empresas-galegas\\\/\"]}]},{\"@type\":\"ImageObject\",\"inLanguage\":\"gl-ES\",\"@id\":\"https:\\\/\\\/clustersaude.com\\\/gl\\\/o-cluster-de-saude-de-galicia-csg-e-a-camara-de-comercio-da-coruna-organizan-mana-un-evento-para-promover-a-internacionalizacion-as-empresas-galegas\\\/#primaryimage\",\"url\":\"https:\\\/\\\/clustersaude.com\\\/wp-content\\\/uploads\\\/2023\\\/07\\\/exporpymes-23.png\",\"contentUrl\":\"https:\\\/\\\/clustersaude.com\\\/wp-content\\\/uploads\\\/2023\\\/07\\\/exporpymes-23.png\",\"width\":2002,\"height\":1133},{\"@type\":\"BreadcrumbList\",\"@id\":\"https:\\\/\\\/clustersaude.com\\\/gl\\\/o-cluster-de-saude-de-galicia-csg-e-a-camara-de-comercio-da-coruna-organizan-mana-un-evento-para-promover-a-internacionalizacion-as-empresas-galegas\\\/#breadcrumb\",\"itemListElement\":[{\"@type\":\"ListItem\",\"position\":1,\"name\":\"Portada\",\"item\":\"https:\\\/\\\/clustersaude.com\\\/gl\\\/?page_id=12907\"},{\"@type\":\"ListItem\",\"position\":2,\"name\":\"O Cl\u00faster Sa\u00fade de Galicia, CSG, e a C\u00e1mara de Comercio de A Coru\u00f1a organizan ma\u00f1\u00e1 un evento para promover a internacionalizaci\u00f3n das empresas galegas\"}]},{\"@type\":\"WebSite\",\"@id\":\"https:\\\/\\\/clustersaude.com\\\/#website\",\"url\":\"https:\\\/\\\/clustersaude.com\\\/\",\"name\":\"Cluster Sa\u00fade de Galicia, CSG\",\"description\":\"\",\"publisher\":{\"@id\":\"https:\\\/\\\/clustersaude.com\\\/#organization\"},\"potentialAction\":[{\"@type\":\"SearchAction\",\"target\":{\"@type\":\"EntryPoint\",\"urlTemplate\":\"https:\\\/\\\/clustersaude.com\\\/?s={search_term_string}\"},\"query-input\":{\"@type\":\"PropertyValueSpecification\",\"valueRequired\":true,\"valueName\":\"search_term_string\"}}],\"inLanguage\":\"gl-ES\"},{\"@type\":\"Organization\",\"@id\":\"https:\\\/\\\/clustersaude.com\\\/#organization\",\"name\":\"Cluster Sa\u00fade de Galicia, CSG\",\"url\":\"https:\\\/\\\/clustersaude.com\\\/\",\"logo\":{\"@type\":\"ImageObject\",\"inLanguage\":\"gl-ES\",\"@id\":\"https:\\\/\\\/clustersaude.com\\\/#\\\/schema\\\/logo\\\/image\\\/\",\"url\":\"https:\\\/\\\/clustersaude.com\\\/wp-content\\\/uploads\\\/2023\\\/03\\\/csg-positivo-e1678179039305.png\",\"contentUrl\":\"https:\\\/\\\/clustersaude.com\\\/wp-content\\\/uploads\\\/2023\\\/03\\\/csg-positivo-e1678179039305.png\",\"width\":500,\"height\":421,\"caption\":\"Cluster Sa\u00fade de Galicia, CSG\"},\"image\":{\"@id\":\"https:\\\/\\\/clustersaude.com\\\/#\\\/schema\\\/logo\\\/image\\\/\"},\"sameAs\":[\"https:\\\/\\\/twitter.com\\\/clustersaude\",\"https:\\\/\\\/x.com\\\/clustersaude\",\"https:\\\/\\\/www.instagram.com\\\/clustersaude\\\/\",\"https:\\\/\\\/www.linkedin.com\\\/company\\\/cluster-sade-de-galicia\\\/about\\\/\"]},{\"@type\":\"Person\",\"@id\":\"https:\\\/\\\/clustersaude.com\\\/#\\\/schema\\\/person\\\/b8127dec44ffd48dc746eeada517ca12\",\"name\":\"saude\",\"image\":{\"@type\":\"ImageObject\",\"inLanguage\":\"gl-ES\",\"@id\":\"https:\\\/\\\/secure.gravatar.com\\\/avatar\\\/f201435e37a4e9084feebacf5470bd30781e2f4af23b7d2a094ce49f89466922?s=96&d=mm&r=g\",\"url\":\"https:\\\/\\\/secure.gravatar.com\\\/avatar\\\/f201435e37a4e9084feebacf5470bd30781e2f4af23b7d2a094ce49f89466922?s=96&d=mm&r=g\",\"contentUrl\":\"https:\\\/\\\/secure.gravatar.com\\\/avatar\\\/f201435e37a4e9084feebacf5470bd30781e2f4af23b7d2a094ce49f89466922?s=96&d=mm&r=g\",\"caption\":\"saude\"},\"sameAs\":[\"https:\\\/\\\/dev.clustersaude.com\"],\"url\":\"https:\\\/\\\/clustersaude.com\\\/gl\\\/author\\\/saude\\\/\"}]}<\/script>\n<!-- \/ Yoast SEO plugin. -->","yoast_head_json":{"title":"O Cl\u00faster Sa\u00fade de Galicia, CSG, e a C\u00e1mara de Comercio de A Coru\u00f1a organizan ma\u00f1\u00e1 un evento para promover a internacionalizaci\u00f3n das empresas galegas - Cluster Sa\u00fade de Galicia, CSG","robots":{"index":"index","follow":"follow","max-snippet":"max-snippet:-1","max-image-preview":"max-image-preview:large","max-video-preview":"max-video-preview:-1"},"canonical":"https:\/\/clustersaude.com\/gl\/o-cluster-de-saude-de-galicia-csg-e-a-camara-de-comercio-da-coruna-organizan-mana-un-evento-para-promover-a-internacionalizacion-as-empresas-galegas\/","og_locale":"gl_ES","og_type":"article","og_title":"O Cl\u00faster Sa\u00fade de Galicia, CSG, e a C\u00e1mara de Comercio de A Coru\u00f1a organizan ma\u00f1\u00e1 un evento para promover a internacionalizaci\u00f3n das empresas galegas - Cluster Sa\u00fade de Galicia, CSG","og_description":"Gracias a colaboraci\u00f3n da C\u00e1mara de Comercio da Coru\u00f1a e o Cluster Sa\u00fade de Galicia, CSG, A Coru\u00f1a acoller\u00e1 ma\u00f1\u00e1, 11 de xullo, la X edici\u00f3n de EXPORPYMES, un evento que atraer\u00e1 a m\u00e1is de vinte empresas tanto de Galicia como de outros pa\u00edses para crear sinerxias, estreitar lazos e promover unha maior internacionalizaci\u00f3n do tecido empresarial galego.","og_url":"https:\/\/clustersaude.com\/gl\/o-cluster-de-saude-de-galicia-csg-e-a-camara-de-comercio-da-coruna-organizan-mana-un-evento-para-promover-a-internacionalizacion-as-empresas-galegas\/","og_site_name":"Cluster Sa\u00fade de Galicia, CSG","article_publisher":"https:\/\/twitter.com\/clustersaude","article_published_time":"2023-07-10T09:26:39+00:00","article_modified_time":"2023-07-26T06:43:12+00:00","og_image":[{"width":2002,"height":1133,"url":"https:\/\/clustersaude.com\/wp-content\/uploads\/2023\/07\/exporpymes-23.png","type":"image\/png"}],"author":"saude","twitter_card":"summary_large_image","twitter_creator":"@clustersaude","twitter_site":"@clustersaude","twitter_misc":{"Escrito por":"saude","Tempo de lectura":"3 minutos"},"schema":{"@context":"https:\/\/schema.org","@graph":[{"@type":"Article","@id":"https:\/\/clustersaude.com\/gl\/o-cluster-de-saude-de-galicia-csg-e-a-camara-de-comercio-da-coruna-organizan-mana-un-evento-para-promover-a-internacionalizacion-as-empresas-galegas\/#article","isPartOf":{"@id":"https:\/\/clustersaude.com\/gl\/o-cluster-de-saude-de-galicia-csg-e-a-camara-de-comercio-da-coruna-organizan-mana-un-evento-para-promover-a-internacionalizacion-as-empresas-galegas\/"},"author":{"name":"saude","@id":"https:\/\/clustersaude.com\/#\/schema\/person\/b8127dec44ffd48dc746eeada517ca12"},"headline":"O Cl\u00faster Sa\u00fade de Galicia, CSG, e a C\u00e1mara de Comercio de A Coru\u00f1a organizan ma\u00f1\u00e1 un evento para promover a internacionalizaci\u00f3n das empresas galegas","datePublished":"2023-07-10T09:26:39+00:00","dateModified":"2023-07-26T06:43:12+00:00","mainEntityOfPage":{"@id":"https:\/\/clustersaude.com\/gl\/o-cluster-de-saude-de-galicia-csg-e-a-camara-de-comercio-da-coruna-organizan-mana-un-evento-para-promover-a-internacionalizacion-as-empresas-galegas\/"},"wordCount":542,"commentCount":0,"publisher":{"@id":"https:\/\/clustersaude.com\/#organization"},"image":{"@id":"https:\/\/clustersaude.com\/gl\/o-cluster-de-saude-de-galicia-csg-e-a-camara-de-comercio-da-coruna-organizan-mana-un-evento-para-promover-a-internacionalizacion-as-empresas-galegas\/#primaryimage"},"thumbnailUrl":"https:\/\/clustersaude.com\/wp-content\/uploads\/2023\/07\/exporpymes-23.png","articleSection":["#ComunidadeCSG","Colaboraci\u00f3ns","Internacionalizaci\u00f3n","Noticias","Rexionais","Servizos"],"inLanguage":"gl-ES","potentialAction":[{"@type":"CommentAction","name":"Comment","target":["https:\/\/clustersaude.com\/gl\/o-cluster-de-saude-de-galicia-csg-e-a-camara-de-comercio-da-coruna-organizan-mana-un-evento-para-promover-a-internacionalizacion-as-empresas-galegas\/#respond"]}]},{"@type":"WebPage","@id":"https:\/\/clustersaude.com\/gl\/o-cluster-de-saude-de-galicia-csg-e-a-camara-de-comercio-da-coruna-organizan-mana-un-evento-para-promover-a-internacionalizacion-as-empresas-galegas\/","url":"https:\/\/clustersaude.com\/gl\/o-cluster-de-saude-de-galicia-csg-e-a-camara-de-comercio-da-coruna-organizan-mana-un-evento-para-promover-a-internacionalizacion-as-empresas-galegas\/","name":"O Cl\u00faster Sa\u00fade de Galicia, CSG, e a C\u00e1mara de Comercio de A Coru\u00f1a organizan ma\u00f1\u00e1 un evento para promover a internacionalizaci\u00f3n das empresas galegas - Cluster Sa\u00fade de Galicia, CSG","isPartOf":{"@id":"https:\/\/clustersaude.com\/#website"},"primaryImageOfPage":{"@id":"https:\/\/clustersaude.com\/gl\/o-cluster-de-saude-de-galicia-csg-e-a-camara-de-comercio-da-coruna-organizan-mana-un-evento-para-promover-a-internacionalizacion-as-empresas-galegas\/#primaryimage"},"image":{"@id":"https:\/\/clustersaude.com\/gl\/o-cluster-de-saude-de-galicia-csg-e-a-camara-de-comercio-da-coruna-organizan-mana-un-evento-para-promover-a-internacionalizacion-as-empresas-galegas\/#primaryimage"},"thumbnailUrl":"https:\/\/clustersaude.com\/wp-content\/uploads\/2023\/07\/exporpymes-23.png","datePublished":"2023-07-10T09:26:39+00:00","dateModified":"2023-07-26T06:43:12+00:00","breadcrumb":{"@id":"https:\/\/clustersaude.com\/gl\/o-cluster-de-saude-de-galicia-csg-e-a-camara-de-comercio-da-coruna-organizan-mana-un-evento-para-promover-a-internacionalizacion-as-empresas-galegas\/#breadcrumb"},"inLanguage":"gl-ES","potentialAction":[{"@type":"ReadAction","target":["https:\/\/clustersaude.com\/gl\/o-cluster-de-saude-de-galicia-csg-e-a-camara-de-comercio-da-coruna-organizan-mana-un-evento-para-promover-a-internacionalizacion-as-empresas-galegas\/"]}]},{"@type":"ImageObject","inLanguage":"gl-ES","@id":"https:\/\/clustersaude.com\/gl\/o-cluster-de-saude-de-galicia-csg-e-a-camara-de-comercio-da-coruna-organizan-mana-un-evento-para-promover-a-internacionalizacion-as-empresas-galegas\/#primaryimage","url":"https:\/\/clustersaude.com\/wp-content\/uploads\/2023\/07\/exporpymes-23.png","contentUrl":"https:\/\/clustersaude.com\/wp-content\/uploads\/2023\/07\/exporpymes-23.png","width":2002,"height":1133},{"@type":"BreadcrumbList","@id":"https:\/\/clustersaude.com\/gl\/o-cluster-de-saude-de-galicia-csg-e-a-camara-de-comercio-da-coruna-organizan-mana-un-evento-para-promover-a-internacionalizacion-as-empresas-galegas\/#breadcrumb","itemListElement":[{"@type":"ListItem","position":1,"name":"Portada","item":"https:\/\/clustersaude.com\/gl\/?page_id=12907"},{"@type":"ListItem","position":2,"name":"O Cl\u00faster Sa\u00fade de Galicia, CSG, e a C\u00e1mara de Comercio de A Coru\u00f1a organizan ma\u00f1\u00e1 un evento para promover a internacionalizaci\u00f3n das empresas galegas"}]},{"@type":"WebSite","@id":"https:\/\/clustersaude.com\/#website","url":"https:\/\/clustersaude.com\/","name":"Cluster Sa\u00fade de Galicia, CSG","description":"","publisher":{"@id":"https:\/\/clustersaude.com\/#organization"},"potentialAction":[{"@type":"SearchAction","target":{"@type":"EntryPoint","urlTemplate":"https:\/\/clustersaude.com\/?s={search_term_string}"},"query-input":{"@type":"PropertyValueSpecification","valueRequired":true,"valueName":"search_term_string"}}],"inLanguage":"gl-ES"},{"@type":"Organization","@id":"https:\/\/clustersaude.com\/#organization","name":"Cluster Sa\u00fade de Galicia, CSG","url":"https:\/\/clustersaude.com\/","logo":{"@type":"ImageObject","inLanguage":"gl-ES","@id":"https:\/\/clustersaude.com\/#\/schema\/logo\/image\/","url":"https:\/\/clustersaude.com\/wp-content\/uploads\/2023\/03\/csg-positivo-e1678179039305.png","contentUrl":"https:\/\/clustersaude.com\/wp-content\/uploads\/2023\/03\/csg-positivo-e1678179039305.png","width":500,"height":421,"caption":"Cluster Sa\u00fade de Galicia, CSG"},"image":{"@id":"https:\/\/clustersaude.com\/#\/schema\/logo\/image\/"},"sameAs":["https:\/\/twitter.com\/clustersaude","https:\/\/x.com\/clustersaude","https:\/\/www.instagram.com\/clustersaude\/","https:\/\/www.linkedin.com\/company\/cluster-sade-de-galicia\/about\/"]},{"@type":"Person","@id":"https:\/\/clustersaude.com\/#\/schema\/person\/b8127dec44ffd48dc746eeada517ca12","name":"saude","image":{"@type":"ImageObject","inLanguage":"gl-ES","@id":"https:\/\/secure.gravatar.com\/avatar\/f201435e37a4e9084feebacf5470bd30781e2f4af23b7d2a094ce49f89466922?s=96&d=mm&r=g","url":"https:\/\/secure.gravatar.com\/avatar\/f201435e37a4e9084feebacf5470bd30781e2f4af23b7d2a094ce49f89466922?s=96&d=mm&r=g","contentUrl":"https:\/\/secure.gravatar.com\/avatar\/f201435e37a4e9084feebacf5470bd30781e2f4af23b7d2a094ce49f89466922?s=96&d=mm&r=g","caption":"saude"},"sameAs":["https:\/\/dev.clustersaude.com"],"url":"https:\/\/clustersaude.com\/gl\/author\/saude\/"}]}},"_links":{"self":[{"href":"https:\/\/clustersaude.com\/gl\/wp-json\/wp\/v2\/posts\/8618","targetHints":{"allow":["GET"]}}],"collection":[{"href":"https:\/\/clustersaude.com\/gl\/wp-json\/wp\/v2\/posts"}],"about":[{"href":"https:\/\/clustersaude.com\/gl\/wp-json\/wp\/v2\/types\/post"}],"author":[{"embeddable":true,"href":"https:\/\/clustersaude.com\/gl\/wp-json\/wp\/v2\/users\/1"}],"replies":[{"embeddable":true,"href":"https:\/\/clustersaude.com\/gl\/wp-json\/wp\/v2\/comments?post=8618"}],"version-history":[{"count":7,"href":"https:\/\/clustersaude.com\/gl\/wp-json\/wp\/v2\/posts\/8618\/revisions"}],"predecessor-version":[{"id":8763,"href":"https:\/\/clustersaude.com\/gl\/wp-json\/wp\/v2\/posts\/8618\/revisions\/8763"}],"wp:featuredmedia":[{"embeddable":true,"href":"https:\/\/clustersaude.com\/gl\/wp-json\/wp\/v2\/media\/8768"}],"wp:attachment":[{"href":"https:\/\/clustersaude.com\/gl\/wp-json\/wp\/v2\/media?parent=8618"}],"wp:term":[{"taxonomy":"category","embeddable":true,"href":"https:\/\/clustersaude.com\/gl\/wp-json\/wp\/v2\/categories?post=8618"},{"taxonomy":"post_tag","embeddable":true,"href":"https:\/\/clustersaude.com\/gl\/wp-json\/wp\/v2\/tags?post=8618"}],"curies":[{"name":"wp","href":"https:\/\/api.w.org\/{rel}","templated":true}]}}